{"id":1236,"date":"2019-12-08T11:31:05","date_gmt":"2019-12-08T10:31:05","guid":{"rendered":"https:\/\/elenafortuny.com\/?p=1236"},"modified":"2019-12-08T11:55:40","modified_gmt":"2019-12-08T10:55:40","slug":"sin-titulo","status":"publish","type":"post","link":"https:\/\/elenafortuny.com\/ca\/sin-titulo\/","title":{"rendered":"SIN T\u00cdTULO, darreres funcions!!!"},"content":{"rendered":"<p><a href=\"https:\/\/elenafortuny.com\/wp-content\/uploads\/2019\/12\/fotoferalcala\u0300.jpeg\"><img fetchpriority=\"high\" decoding=\"async\" class=\"size-medium wp-image-1239 alignleft\" src=\"https:\/\/elenafortuny.com\/wp-content\/uploads\/2019\/12\/fotoferalcala\u0300-300x169.jpeg\" alt=\"\" width=\"300\" height=\"169\" srcset=\"https:\/\/elenafortuny.com\/wp-content\/uploads\/2019\/12\/fotoferalcala\u0300-300x169.jpeg 300w, https:\/\/elenafortuny.com\/wp-content\/uploads\/2019\/12\/fotoferalcala\u0300-1024x576.jpeg 1024w, https:\/\/elenafortuny.com\/wp-content\/uploads\/2019\/12\/fotoferalcala\u0300-768x432.jpeg 768w, https:\/\/elenafortuny.com\/wp-content\/uploads\/2019\/12\/fotoferalcala\u0300-700x394.jpeg 700w, https:\/\/elenafortuny.com\/wp-content\/uploads\/2019\/12\/fotoferalcala\u0300-1100x619.jpeg 1100w, https:\/\/elenafortuny.com\/wp-content\/uploads\/2019\/12\/fotoferalcala\u0300.jpeg 1455w\" sizes=\"(max-width: 300px) 100vw, 300px\" \/><\/a>Despr\u00e9s d&#8217;haver passat per la fa\u00e7ana de l&#8217;Arnau, el Refugi 307, el Casal de la Gent Gran Josep Trueta i el Castell de Montju\u00efch, queden ja poques oportunitats de veure l&#8217;espectacle comunitari Sin t\u00edtulo. Les darreres funcions programades s\u00f3n el proper 14 de desembre al CC Albareda (20h), el 21 de desembre a la Lleialtat Santsenca (13h) i el proper 20 de gener al CC Cotxeres Borrell (20h).<\/p>\n<p>Aqu\u00ed, la fitxa art\u00edstica completa d&#8217;aquest espectacle comunitari de la companyia La Danesa per l&#8217;Arnau Itinerant 2019 amb la compllicitat del projecte Creuem Paral\u00b7lel, Arnau Gallery i La llama RAP:<\/p>\n<p>La gent:<br \/>\nAinhoa Bruguera, Alberto Amayuelas, Alex Ben, Allison Marisol M\u00e9ndez, Almudena Galian, Antoine Careil, Antonio Verg\u00e9s, Asad Raza, Assun Planas, Carme Fossas, Celia Cristina Valenzuela, Christian Ortega, Clara Cano, Dani P\u00e9rez, Drako Amgod, Elena Fortuny, Francesca Navarrete, Hatim Azhari, Isabela Magdaleno, Jaiban Toys, Joana Mart\u00ed, Josep Maria Fuentes, Jumon Erra, Keila Gonz\u00e1lez, Lucas Mil\u00e0, Manuela Mart\u00edn, Mar\u00eda Pereira, Mehdi Aoula, Merc\u00e8 Juan, Michael Haram, Nica Fazio, Paolo Dini, Pol Sanuy, Ra\u00fcl Perales, Rebeca Mesas, Simbiat Aly, Toni Franco, Vanessa Segura, Waqar Nasim.<\/p>\n<p>Amb la complicitat de:<br \/>\nAp\u00f2strof, \u00c0gora Juan Andr\u00e9s Benitez, Antiqua Deorum, Arnau Gallery, Art&amp;Coop, Ateneu del Raval, Banc de recursos, Casa d\u2019Oficis, Casal Municipal de la Gent Gran Josep Trueta, CC Albareda, CC Cotxeres Borrell, CC Sortidor, Difusor, La Danesa, La Llama col\u00b7lectiu de RAP, Laberint Cultura, Lucas Milart, MUHBA, RAVALTEP, Refugi 307, Street Art Barcelona, Teatre Tantarantana i Tot Raval.<\/p>\n<p>#sintitulo #arnauitinerant @cialadanesa @apostrof @lallamarap @arnaugallery<\/p>\n<p><strong>La fotassa \u00e9s \u00a9 de @feralcala<\/strong><\/p>\n<p>&nbsp;<\/p>\n","protected":false},"excerpt":{"rendered":"<p>Despr\u00e9s d&#8217;haver passat per la fa\u00e7ana de l&#8217;Arnau, el Refugi 307, el Casal de la Gent Gran Josep Trueta i el Castell de Montju\u00efch, queden ja poques oportunitats de veure l&#8217;espectacle comunitari Sin t\u00edtulo. Les darreres funcions programades s\u00f3n el proper 14 de desembre al CC Albareda (20h), el 21 de desembre a la Lleialtat [&hellip;]<\/p>\n","protected":false},"author":2,"featured_media":1241,"comment_status":"closed","ping_status":"closed","sticky":false,"template":"","format":"standard","meta":{"_acf_changed":false,"footnotes":""},"categories":[43],"tags":[],"class_list":["post-1236","post","type-post","status-publish","format-standard","has-post-thumbnail","hentry","category-noticies"],"acf":[],"yoast_head":"<!-- This site is optimized with the Yoast SEO plugin v27.4 - https:\/\/yoast.com\/product\/yoast-seo-wordpress\/ -->\n<title>SIN T\u00cdTULO, darreres funcions!!!<\/title>\n<meta name=\"robots\" content=\"index, follow, max-snippet:-1, max-image-preview:large, max-video-preview:-1\" \/>\n<link rel=\"canonical\" href=\"https:\/\/elenafortuny.com\/ca\/sin-titulo\/\" \/>\n<meta property=\"og:locale\" content=\"ca_ES\" \/>\n<meta property=\"og:type\" content=\"article\" \/>\n<meta property=\"og:title\" content=\"SIN T\u00cdTULO, darreres funcions!!!\" \/>\n<meta property=\"og:description\" content=\"Despr\u00e9s d&#8217;haver passat per la fa\u00e7ana de l&#8217;Arnau, el Refugi 307, el Casal de la Gent Gran Josep Trueta i el Castell de Montju\u00efch, queden ja poques oportunitats de veure l&#8217;espectacle comunitari Sin t\u00edtulo. Les darreres funcions programades s\u00f3n el proper 14 de desembre al CC Albareda (20h), el 21 de desembre a la Lleialtat [&hellip;]\" \/>\n<meta property=\"og:url\" content=\"https:\/\/elenafortuny.com\/ca\/sin-titulo\/\" \/>\n<meta property=\"og:site_name\" content=\"Elena Fortuny\" \/>\n<meta property=\"article:published_time\" content=\"2019-12-08T10:31:05+00:00\" \/>\n<meta property=\"article:modified_time\" content=\"2019-12-08T10:55:40+00:00\" \/>\n<meta property=\"og:image\" content=\"https:\/\/elenafortuny.com\/wp-content\/uploads\/2019\/12\/fotorefugi.jpeg\" \/>\n\t<meta property=\"og:image:width\" content=\"2048\" \/>\n\t<meta property=\"og:image:height\" content=\"1536\" \/>\n\t<meta property=\"og:image:type\" content=\"image\/jpeg\" \/>\n<meta name=\"author\" content=\"Elena Fortuny\" \/>\n<meta name=\"twitter:label1\" content=\"Escrit per\" \/>\n\t<meta name=\"twitter:data1\" content=\"Elena Fortuny\" \/>\n\t<meta name=\"twitter:label2\" content=\"Temps estimat de lectura\" \/>\n\t<meta name=\"twitter:data2\" content=\"1 minut\" \/>\n<script type=\"application\/ld+json\" class=\"yoast-schema-graph\">{\"@context\":\"https:\\\/\\\/schema.org\",\"@graph\":[{\"@type\":\"Article\",\"@id\":\"https:\\\/\\\/elenafortuny.com\\\/ca\\\/sin-titulo\\\/#article\",\"isPartOf\":{\"@id\":\"https:\\\/\\\/elenafortuny.com\\\/ca\\\/sin-titulo\\\/\"},\"author\":{\"name\":\"Elena Fortuny\",\"@id\":\"https:\\\/\\\/elenafortuny.com\\\/ca\\\/#\\\/schema\\\/person\\\/8e5fa269db6547e11f6b7fb03666de5f\"},\"headline\":\"SIN T\u00cdTULO, darreres funcions!!!\",\"datePublished\":\"2019-12-08T10:31:05+00:00\",\"dateModified\":\"2019-12-08T10:55:40+00:00\",\"mainEntityOfPage\":{\"@id\":\"https:\\\/\\\/elenafortuny.com\\\/ca\\\/sin-titulo\\\/\"},\"wordCount\":278,\"image\":{\"@id\":\"https:\\\/\\\/elenafortuny.com\\\/ca\\\/sin-titulo\\\/#primaryimage\"},\"thumbnailUrl\":\"https:\\\/\\\/elenafortuny.com\\\/wp-content\\\/uploads\\\/2019\\\/12\\\/fotorefugi.jpeg\",\"articleSection\":[\"Not\u00edcies\"],\"inLanguage\":\"ca\"},{\"@type\":\"WebPage\",\"@id\":\"https:\\\/\\\/elenafortuny.com\\\/ca\\\/sin-titulo\\\/\",\"url\":\"https:\\\/\\\/elenafortuny.com\\\/ca\\\/sin-titulo\\\/\",\"name\":\"SIN T\u00cdTULO, darreres funcions!!!\",\"isPartOf\":{\"@id\":\"https:\\\/\\\/elenafortuny.com\\\/ca\\\/#website\"},\"primaryImageOfPage\":{\"@id\":\"https:\\\/\\\/elenafortuny.com\\\/ca\\\/sin-titulo\\\/#primaryimage\"},\"image\":{\"@id\":\"https:\\\/\\\/elenafortuny.com\\\/ca\\\/sin-titulo\\\/#primaryimage\"},\"thumbnailUrl\":\"https:\\\/\\\/elenafortuny.com\\\/wp-content\\\/uploads\\\/2019\\\/12\\\/fotorefugi.jpeg\",\"datePublished\":\"2019-12-08T10:31:05+00:00\",\"dateModified\":\"2019-12-08T10:55:40+00:00\",\"author\":{\"@id\":\"https:\\\/\\\/elenafortuny.com\\\/ca\\\/#\\\/schema\\\/person\\\/8e5fa269db6547e11f6b7fb03666de5f\"},\"breadcrumb\":{\"@id\":\"https:\\\/\\\/elenafortuny.com\\\/ca\\\/sin-titulo\\\/#breadcrumb\"},\"inLanguage\":\"ca\",\"potentialAction\":[{\"@type\":\"ReadAction\",\"target\":[\"https:\\\/\\\/elenafortuny.com\\\/ca\\\/sin-titulo\\\/\"]}]},{\"@type\":\"ImageObject\",\"inLanguage\":\"ca\",\"@id\":\"https:\\\/\\\/elenafortuny.com\\\/ca\\\/sin-titulo\\\/#primaryimage\",\"url\":\"https:\\\/\\\/elenafortuny.com\\\/wp-content\\\/uploads\\\/2019\\\/12\\\/fotorefugi.jpeg\",\"contentUrl\":\"https:\\\/\\\/elenafortuny.com\\\/wp-content\\\/uploads\\\/2019\\\/12\\\/fotorefugi.jpeg\",\"width\":2048,\"height\":1536},{\"@type\":\"BreadcrumbList\",\"@id\":\"https:\\\/\\\/elenafortuny.com\\\/ca\\\/sin-titulo\\\/#breadcrumb\",\"itemListElement\":[{\"@type\":\"ListItem\",\"position\":1,\"name\":\"Portada\",\"item\":\"https:\\\/\\\/elenafortuny.com\\\/ca\\\/\"},{\"@type\":\"ListItem\",\"position\":2,\"name\":\"SIN T\u00cdTULO, darreres funcions!!!\"}]},{\"@type\":\"WebSite\",\"@id\":\"https:\\\/\\\/elenafortuny.com\\\/ca\\\/#website\",\"url\":\"https:\\\/\\\/elenafortuny.com\\\/ca\\\/\",\"name\":\"Elena Fortuny\",\"description\":\"actriz\",\"potentialAction\":[{\"@type\":\"SearchAction\",\"target\":{\"@type\":\"EntryPoint\",\"urlTemplate\":\"https:\\\/\\\/elenafortuny.com\\\/ca\\\/?s={search_term_string}\"},\"query-input\":{\"@type\":\"PropertyValueSpecification\",\"valueRequired\":true,\"valueName\":\"search_term_string\"}}],\"inLanguage\":\"ca\"},{\"@type\":\"Person\",\"@id\":\"https:\\\/\\\/elenafortuny.com\\\/ca\\\/#\\\/schema\\\/person\\\/8e5fa269db6547e11f6b7fb03666de5f\",\"name\":\"Elena Fortuny\",\"image\":{\"@type\":\"ImageObject\",\"inLanguage\":\"ca\",\"@id\":\"https:\\\/\\\/secure.gravatar.com\\\/avatar\\\/86bbcc04ff5ad47f3f6b6077a59cb798849a5d7085f12db3929215f7d7b2eec9?s=96&d=mm&r=g\",\"url\":\"https:\\\/\\\/secure.gravatar.com\\\/avatar\\\/86bbcc04ff5ad47f3f6b6077a59cb798849a5d7085f12db3929215f7d7b2eec9?s=96&d=mm&r=g\",\"contentUrl\":\"https:\\\/\\\/secure.gravatar.com\\\/avatar\\\/86bbcc04ff5ad47f3f6b6077a59cb798849a5d7085f12db3929215f7d7b2eec9?s=96&d=mm&r=g\",\"caption\":\"Elena Fortuny\"}}]}<\/script>\n<!-- \/ Yoast SEO plugin. -->","yoast_head_json":{"title":"SIN T\u00cdTULO, darreres funcions!!!","robots":{"index":"index","follow":"follow","max-snippet":"max-snippet:-1","max-image-preview":"max-image-preview:large","max-video-preview":"max-video-preview:-1"},"canonical":"https:\/\/elenafortuny.com\/ca\/sin-titulo\/","og_locale":"ca_ES","og_type":"article","og_title":"SIN T\u00cdTULO, darreres funcions!!!","og_description":"Despr\u00e9s d&#8217;haver passat per la fa\u00e7ana de l&#8217;Arnau, el Refugi 307, el Casal de la Gent Gran Josep Trueta i el Castell de Montju\u00efch, queden ja poques oportunitats de veure l&#8217;espectacle comunitari Sin t\u00edtulo. Les darreres funcions programades s\u00f3n el proper 14 de desembre al CC Albareda (20h), el 21 de desembre a la Lleialtat [&hellip;]","og_url":"https:\/\/elenafortuny.com\/ca\/sin-titulo\/","og_site_name":"Elena Fortuny","article_published_time":"2019-12-08T10:31:05+00:00","article_modified_time":"2019-12-08T10:55:40+00:00","og_image":[{"width":2048,"height":1536,"url":"https:\/\/elenafortuny.com\/wp-content\/uploads\/2019\/12\/fotorefugi.jpeg","type":"image\/jpeg"}],"author":"Elena Fortuny","twitter_misc":{"Escrit per":"Elena Fortuny","Temps estimat de lectura":"1 minut"},"schema":{"@context":"https:\/\/schema.org","@graph":[{"@type":"Article","@id":"https:\/\/elenafortuny.com\/ca\/sin-titulo\/#article","isPartOf":{"@id":"https:\/\/elenafortuny.com\/ca\/sin-titulo\/"},"author":{"name":"Elena Fortuny","@id":"https:\/\/elenafortuny.com\/ca\/#\/schema\/person\/8e5fa269db6547e11f6b7fb03666de5f"},"headline":"SIN T\u00cdTULO, darreres funcions!!!","datePublished":"2019-12-08T10:31:05+00:00","dateModified":"2019-12-08T10:55:40+00:00","mainEntityOfPage":{"@id":"https:\/\/elenafortuny.com\/ca\/sin-titulo\/"},"wordCount":278,"image":{"@id":"https:\/\/elenafortuny.com\/ca\/sin-titulo\/#primaryimage"},"thumbnailUrl":"https:\/\/elenafortuny.com\/wp-content\/uploads\/2019\/12\/fotorefugi.jpeg","articleSection":["Not\u00edcies"],"inLanguage":"ca"},{"@type":"WebPage","@id":"https:\/\/elenafortuny.com\/ca\/sin-titulo\/","url":"https:\/\/elenafortuny.com\/ca\/sin-titulo\/","name":"SIN T\u00cdTULO, darreres funcions!!!","isPartOf":{"@id":"https:\/\/elenafortuny.com\/ca\/#website"},"primaryImageOfPage":{"@id":"https:\/\/elenafortuny.com\/ca\/sin-titulo\/#primaryimage"},"image":{"@id":"https:\/\/elenafortuny.com\/ca\/sin-titulo\/#primaryimage"},"thumbnailUrl":"https:\/\/elenafortuny.com\/wp-content\/uploads\/2019\/12\/fotorefugi.jpeg","datePublished":"2019-12-08T10:31:05+00:00","dateModified":"2019-12-08T10:55:40+00:00","author":{"@id":"https:\/\/elenafortuny.com\/ca\/#\/schema\/person\/8e5fa269db6547e11f6b7fb03666de5f"},"breadcrumb":{"@id":"https:\/\/elenafortuny.com\/ca\/sin-titulo\/#breadcrumb"},"inLanguage":"ca","potentialAction":[{"@type":"ReadAction","target":["https:\/\/elenafortuny.com\/ca\/sin-titulo\/"]}]},{"@type":"ImageObject","inLanguage":"ca","@id":"https:\/\/elenafortuny.com\/ca\/sin-titulo\/#primaryimage","url":"https:\/\/elenafortuny.com\/wp-content\/uploads\/2019\/12\/fotorefugi.jpeg","contentUrl":"https:\/\/elenafortuny.com\/wp-content\/uploads\/2019\/12\/fotorefugi.jpeg","width":2048,"height":1536},{"@type":"BreadcrumbList","@id":"https:\/\/elenafortuny.com\/ca\/sin-titulo\/#breadcrumb","itemListElement":[{"@type":"ListItem","position":1,"name":"Portada","item":"https:\/\/elenafortuny.com\/ca\/"},{"@type":"ListItem","position":2,"name":"SIN T\u00cdTULO, darreres funcions!!!"}]},{"@type":"WebSite","@id":"https:\/\/elenafortuny.com\/ca\/#website","url":"https:\/\/elenafortuny.com\/ca\/","name":"Elena Fortuny","description":"actriz","potentialAction":[{"@type":"SearchAction","target":{"@type":"EntryPoint","urlTemplate":"https:\/\/elenafortuny.com\/ca\/?s={search_term_string}"},"query-input":{"@type":"PropertyValueSpecification","valueRequired":true,"valueName":"search_term_string"}}],"inLanguage":"ca"},{"@type":"Person","@id":"https:\/\/elenafortuny.com\/ca\/#\/schema\/person\/8e5fa269db6547e11f6b7fb03666de5f","name":"Elena Fortuny","image":{"@type":"ImageObject","inLanguage":"ca","@id":"https:\/\/secure.gravatar.com\/avatar\/86bbcc04ff5ad47f3f6b6077a59cb798849a5d7085f12db3929215f7d7b2eec9?s=96&d=mm&r=g","url":"https:\/\/secure.gravatar.com\/avatar\/86bbcc04ff5ad47f3f6b6077a59cb798849a5d7085f12db3929215f7d7b2eec9?s=96&d=mm&r=g","contentUrl":"https:\/\/secure.gravatar.com\/avatar\/86bbcc04ff5ad47f3f6b6077a59cb798849a5d7085f12db3929215f7d7b2eec9?s=96&d=mm&r=g","caption":"Elena Fortuny"}}]}},"_links":{"self":[{"href":"https:\/\/elenafortuny.com\/ca\/wp-json\/wp\/v2\/posts\/1236","targetHints":{"allow":["GET"]}}],"collection":[{"href":"https:\/\/elenafortuny.com\/ca\/wp-json\/wp\/v2\/posts"}],"about":[{"href":"https:\/\/elenafortuny.com\/ca\/wp-json\/wp\/v2\/types\/post"}],"author":[{"embeddable":true,"href":"https:\/\/elenafortuny.com\/ca\/wp-json\/wp\/v2\/users\/2"}],"replies":[{"embeddable":true,"href":"https:\/\/elenafortuny.com\/ca\/wp-json\/wp\/v2\/comments?post=1236"}],"version-history":[{"count":7,"href":"https:\/\/elenafortuny.com\/ca\/wp-json\/wp\/v2\/posts\/1236\/revisions"}],"predecessor-version":[{"id":1249,"href":"https:\/\/elenafortuny.com\/ca\/wp-json\/wp\/v2\/posts\/1236\/revisions\/1249"}],"wp:featuredmedia":[{"embeddable":true,"href":"https:\/\/elenafortuny.com\/ca\/wp-json\/wp\/v2\/media\/1241"}],"wp:attachment":[{"href":"https:\/\/elenafortuny.com\/ca\/wp-json\/wp\/v2\/media?parent=1236"}],"wp:term":[{"taxonomy":"category","embeddable":true,"href":"https:\/\/elenafortuny.com\/ca\/wp-json\/wp\/v2\/categories?post=1236"},{"taxonomy":"post_tag","embeddable":true,"href":"https:\/\/elenafortuny.com\/ca\/wp-json\/wp\/v2\/tags?post=1236"}],"curies":[{"name":"wp","href":"https:\/\/api.w.org\/{rel}","templated":true}]}}