{"id":1469,"date":"2022-04-16T18:25:29","date_gmt":"2022-04-16T16:25:29","guid":{"rendered":"https:\/\/elenafortuny.com\/?p=1469"},"modified":"2022-04-16T18:25:29","modified_gmt":"2022-04-16T16:25:29","slug":"elena-fortuny-interpreta-el-palmeral-al-teatre-akademia","status":"publish","type":"post","link":"https:\/\/elenafortuny.com\/ca\/elena-fortuny-interpreta-el-palmeral-al-teatre-akademia\/","title":{"rendered":"Elena Fortuny interpreta El palmeral al Teatre Akad\u00e8mia"},"content":{"rendered":"<p>Elena Fortuny, membre estable de la companyia teatral NIGREDO, interpreta en el Teatre Akad\u00e8mia, El Palmerar d&#8217;Albert Tola, amb<br \/>\ndirecci\u00f3 de Rodrigo Garc\u00eda Olza.<\/p>\n<p>Aquesta pe\u00e7a teatral presenta un passatge on\u00edric i po\u00e8tic ple de bellesa on la paraula capta fins al m\u00ednim detall i on els matisos guanyen intensitat a trav\u00e9s de la mirada coral i les veus entrella\u00e7ades dels set personatges que intervenen i que conformen una hist\u00f2ria d&#8217;amor, desamor i de llum. La recerca de la llibertat de dos \u00e9ssers humans que tan sols o, ni m\u00e9s ni menys, s&#8217;estimen. Una passi\u00f3 que transcendeix el moment hist\u00f2ric i lloc geogr\u00e0fic que els ha tocat viure.<\/p>\n<p>L&#8217;epicentre d&#8217;aquesta hist\u00f2ria situada en la Pen\u00ednsula Ib\u00e8rica, en l&#8217;A el-\u00c1ndalus del segle XI, l&#8217;encap\u00e7ala aquest amor prohibit entre l&#8217;historiador i poeta, Abu Hassan, i el soldat, Tahir. Ells dos s\u00f3n el cor d&#8217;aquesta poesia i llenguatge. Aix\u00ed i tot, quan la societat pren l&#8217;ofensiva i la trag\u00e8dia eclipsa la seva passi\u00f3, el seu amor s&#8217;acaba abruptament\u2026 o no. Potser \u00e9s simplement est el punt de partida i l&#8217;inici del viatge cap a la llum i la llibertat real: l&#8217;ess\u00e8ncia palpable d&#8217;aquesta nova pe\u00e7a pensada espec\u00edficament per als int\u00e8rprets que finalment la porten a escena component un calidoscopio interpretatiu d&#8217;alt\u00edssim nivell.<\/p>\n<p>La creaci\u00f3 del text s&#8217;inscriu en el marc del projecte Cicatritzar del Nou Teatre Fronterer (NTF) de Madrid, centre de recerca i creaci\u00f3 de dramat\u00fargies contempor\u00e0nies que fa costat tamb\u00e9 a la producci\u00f3 de l&#8217;espectacle. Cicatritzar \u00e9s tamb\u00e9 un projecte en col\u00b7laboraci\u00f3 amb Col\u00f2mbia. De fet, El Palmerar ha estat estrenat com a lectura a Bogot\u00e0, en una producci\u00f3 del Teatre Major \u2013 Julio Mario Santo Domingo.<\/p>\n<p>Una coproducci\u00f3 de Cia. Nigredo, el Nou Teatre Fronterer i el Teatre Akad\u00e8mia que es pot veure en aquesta sala de Barcelona del 2 al 27 de febrer de 2022.<\/p>\n<p>La pe\u00e7a podr\u00e0 veure&#8217;s tamb\u00e9 a l&#8217;Auditori BBK de Bilbao el 28 de maig de 2022.<\/p>\n","protected":false},"excerpt":{"rendered":"<p>Elena Fortuny, membre estable de la companyia teatral NIGREDO, interpreta en el Teatre Akad\u00e8mia, El Palmerar d&#8217;Albert Tola, amb direcci\u00f3 de Rodrigo Garc\u00eda Olza. Aquesta pe\u00e7a teatral presenta un passatge on\u00edric i po\u00e8tic ple de bellesa on la paraula capta fins al m\u00ednim detall i on els matisos guanyen intensitat a trav\u00e9s de la mirada [&hellip;]<\/p>\n","protected":false},"author":2,"featured_media":1464,"comment_status":"closed","ping_status":"closed","sticky":false,"template":"","format":"standard","meta":{"_acf_changed":false,"footnotes":""},"categories":[43],"tags":[],"class_list":["post-1469","post","type-post","status-publish","format-standard","has-post-thumbnail","hentry","category-noticies"],"acf":[],"yoast_head":"<!-- This site is optimized with the Yoast SEO plugin v27.4 - https:\/\/yoast.com\/product\/yoast-seo-wordpress\/ -->\n<title>Elena Fortuny interpreta El palmeral al Teatre Akad\u00e8mia<\/title>\n<meta name=\"robots\" content=\"index, follow, max-snippet:-1, max-image-preview:large, max-video-preview:-1\" \/>\n<link rel=\"canonical\" href=\"https:\/\/elenafortuny.com\/ca\/elena-fortuny-interpreta-el-palmeral-al-teatre-akademia\/\" \/>\n<meta property=\"og:locale\" content=\"ca_ES\" \/>\n<meta property=\"og:type\" content=\"article\" \/>\n<meta property=\"og:title\" content=\"Elena Fortuny interpreta El palmeral al Teatre Akad\u00e8mia\" \/>\n<meta property=\"og:description\" content=\"Elena Fortuny, membre estable de la companyia teatral NIGREDO, interpreta en el Teatre Akad\u00e8mia, El Palmerar d&#8217;Albert Tola, amb direcci\u00f3 de Rodrigo Garc\u00eda Olza. Aquesta pe\u00e7a teatral presenta un passatge on\u00edric i po\u00e8tic ple de bellesa on la paraula capta fins al m\u00ednim detall i on els matisos guanyen intensitat a trav\u00e9s de la mirada [&hellip;]\" \/>\n<meta property=\"og:url\" content=\"https:\/\/elenafortuny.com\/ca\/elena-fortuny-interpreta-el-palmeral-al-teatre-akademia\/\" \/>\n<meta property=\"og:site_name\" content=\"Elena Fortuny\" \/>\n<meta property=\"article:published_time\" content=\"2022-04-16T16:25:29+00:00\" \/>\n<meta property=\"og:image\" content=\"https:\/\/elenafortuny.com\/wp-content\/uploads\/2022\/04\/elpalmeral.webp\" \/>\n\t<meta property=\"og:image:width\" content=\"390\" \/>\n\t<meta property=\"og:image:height\" content=\"560\" \/>\n\t<meta property=\"og:image:type\" content=\"image\/webp\" \/>\n<meta name=\"author\" content=\"Elena Fortuny\" \/>\n<meta name=\"twitter:label1\" content=\"Escrit per\" \/>\n\t<meta name=\"twitter:data1\" content=\"Elena Fortuny\" \/>\n\t<meta name=\"twitter:label2\" content=\"Temps estimat de lectura\" \/>\n\t<meta name=\"twitter:data2\" content=\"2 minuts\" \/>\n<script type=\"application\/ld+json\" class=\"yoast-schema-graph\">{\"@context\":\"https:\\\/\\\/schema.org\",\"@graph\":[{\"@type\":\"Article\",\"@id\":\"https:\\\/\\\/elenafortuny.com\\\/ca\\\/elena-fortuny-interpreta-el-palmeral-al-teatre-akademia\\\/#article\",\"isPartOf\":{\"@id\":\"https:\\\/\\\/elenafortuny.com\\\/ca\\\/elena-fortuny-interpreta-el-palmeral-al-teatre-akademia\\\/\"},\"author\":{\"name\":\"Elena Fortuny\",\"@id\":\"https:\\\/\\\/elenafortuny.com\\\/ca\\\/#\\\/schema\\\/person\\\/8e5fa269db6547e11f6b7fb03666de5f\"},\"headline\":\"Elena Fortuny interpreta El palmeral al Teatre Akad\u00e8mia\",\"datePublished\":\"2022-04-16T16:25:29+00:00\",\"mainEntityOfPage\":{\"@id\":\"https:\\\/\\\/elenafortuny.com\\\/ca\\\/elena-fortuny-interpreta-el-palmeral-al-teatre-akademia\\\/\"},\"wordCount\":374,\"image\":{\"@id\":\"https:\\\/\\\/elenafortuny.com\\\/ca\\\/elena-fortuny-interpreta-el-palmeral-al-teatre-akademia\\\/#primaryimage\"},\"thumbnailUrl\":\"https:\\\/\\\/elenafortuny.com\\\/wp-content\\\/uploads\\\/2022\\\/04\\\/elpalmeral.webp\",\"articleSection\":[\"Not\u00edcies\"],\"inLanguage\":\"ca\"},{\"@type\":\"WebPage\",\"@id\":\"https:\\\/\\\/elenafortuny.com\\\/ca\\\/elena-fortuny-interpreta-el-palmeral-al-teatre-akademia\\\/\",\"url\":\"https:\\\/\\\/elenafortuny.com\\\/ca\\\/elena-fortuny-interpreta-el-palmeral-al-teatre-akademia\\\/\",\"name\":\"Elena Fortuny interpreta El palmeral al Teatre Akad\u00e8mia\",\"isPartOf\":{\"@id\":\"https:\\\/\\\/elenafortuny.com\\\/ca\\\/#website\"},\"primaryImageOfPage\":{\"@id\":\"https:\\\/\\\/elenafortuny.com\\\/ca\\\/elena-fortuny-interpreta-el-palmeral-al-teatre-akademia\\\/#primaryimage\"},\"image\":{\"@id\":\"https:\\\/\\\/elenafortuny.com\\\/ca\\\/elena-fortuny-interpreta-el-palmeral-al-teatre-akademia\\\/#primaryimage\"},\"thumbnailUrl\":\"https:\\\/\\\/elenafortuny.com\\\/wp-content\\\/uploads\\\/2022\\\/04\\\/elpalmeral.webp\",\"datePublished\":\"2022-04-16T16:25:29+00:00\",\"author\":{\"@id\":\"https:\\\/\\\/elenafortuny.com\\\/ca\\\/#\\\/schema\\\/person\\\/8e5fa269db6547e11f6b7fb03666de5f\"},\"breadcrumb\":{\"@id\":\"https:\\\/\\\/elenafortuny.com\\\/ca\\\/elena-fortuny-interpreta-el-palmeral-al-teatre-akademia\\\/#breadcrumb\"},\"inLanguage\":\"ca\",\"potentialAction\":[{\"@type\":\"ReadAction\",\"target\":[\"https:\\\/\\\/elenafortuny.com\\\/ca\\\/elena-fortuny-interpreta-el-palmeral-al-teatre-akademia\\\/\"]}]},{\"@type\":\"ImageObject\",\"inLanguage\":\"ca\",\"@id\":\"https:\\\/\\\/elenafortuny.com\\\/ca\\\/elena-fortuny-interpreta-el-palmeral-al-teatre-akademia\\\/#primaryimage\",\"url\":\"https:\\\/\\\/elenafortuny.com\\\/wp-content\\\/uploads\\\/2022\\\/04\\\/elpalmeral.webp\",\"contentUrl\":\"https:\\\/\\\/elenafortuny.com\\\/wp-content\\\/uploads\\\/2022\\\/04\\\/elpalmeral.webp\",\"width\":390,\"height\":560},{\"@type\":\"BreadcrumbList\",\"@id\":\"https:\\\/\\\/elenafortuny.com\\\/ca\\\/elena-fortuny-interpreta-el-palmeral-al-teatre-akademia\\\/#breadcrumb\",\"itemListElement\":[{\"@type\":\"ListItem\",\"position\":1,\"name\":\"Portada\",\"item\":\"https:\\\/\\\/elenafortuny.com\\\/ca\\\/\"},{\"@type\":\"ListItem\",\"position\":2,\"name\":\"Elena Fortuny interpreta El palmeral al Teatre Akad\u00e8mia\"}]},{\"@type\":\"WebSite\",\"@id\":\"https:\\\/\\\/elenafortuny.com\\\/ca\\\/#website\",\"url\":\"https:\\\/\\\/elenafortuny.com\\\/ca\\\/\",\"name\":\"Elena Fortuny\",\"description\":\"actriz\",\"potentialAction\":[{\"@type\":\"SearchAction\",\"target\":{\"@type\":\"EntryPoint\",\"urlTemplate\":\"https:\\\/\\\/elenafortuny.com\\\/ca\\\/?s={search_term_string}\"},\"query-input\":{\"@type\":\"PropertyValueSpecification\",\"valueRequired\":true,\"valueName\":\"search_term_string\"}}],\"inLanguage\":\"ca\"},{\"@type\":\"Person\",\"@id\":\"https:\\\/\\\/elenafortuny.com\\\/ca\\\/#\\\/schema\\\/person\\\/8e5fa269db6547e11f6b7fb03666de5f\",\"name\":\"Elena Fortuny\",\"image\":{\"@type\":\"ImageObject\",\"inLanguage\":\"ca\",\"@id\":\"https:\\\/\\\/secure.gravatar.com\\\/avatar\\\/86bbcc04ff5ad47f3f6b6077a59cb798849a5d7085f12db3929215f7d7b2eec9?s=96&d=mm&r=g\",\"url\":\"https:\\\/\\\/secure.gravatar.com\\\/avatar\\\/86bbcc04ff5ad47f3f6b6077a59cb798849a5d7085f12db3929215f7d7b2eec9?s=96&d=mm&r=g\",\"contentUrl\":\"https:\\\/\\\/secure.gravatar.com\\\/avatar\\\/86bbcc04ff5ad47f3f6b6077a59cb798849a5d7085f12db3929215f7d7b2eec9?s=96&d=mm&r=g\",\"caption\":\"Elena Fortuny\"}}]}<\/script>\n<!-- \/ Yoast SEO plugin. -->","yoast_head_json":{"title":"Elena Fortuny interpreta El palmeral al Teatre Akad\u00e8mia","robots":{"index":"index","follow":"follow","max-snippet":"max-snippet:-1","max-image-preview":"max-image-preview:large","max-video-preview":"max-video-preview:-1"},"canonical":"https:\/\/elenafortuny.com\/ca\/elena-fortuny-interpreta-el-palmeral-al-teatre-akademia\/","og_locale":"ca_ES","og_type":"article","og_title":"Elena Fortuny interpreta El palmeral al Teatre Akad\u00e8mia","og_description":"Elena Fortuny, membre estable de la companyia teatral NIGREDO, interpreta en el Teatre Akad\u00e8mia, El Palmerar d&#8217;Albert Tola, amb direcci\u00f3 de Rodrigo Garc\u00eda Olza. Aquesta pe\u00e7a teatral presenta un passatge on\u00edric i po\u00e8tic ple de bellesa on la paraula capta fins al m\u00ednim detall i on els matisos guanyen intensitat a trav\u00e9s de la mirada [&hellip;]","og_url":"https:\/\/elenafortuny.com\/ca\/elena-fortuny-interpreta-el-palmeral-al-teatre-akademia\/","og_site_name":"Elena Fortuny","article_published_time":"2022-04-16T16:25:29+00:00","og_image":[{"width":390,"height":560,"url":"https:\/\/elenafortuny.com\/wp-content\/uploads\/2022\/04\/elpalmeral.webp","type":"image\/webp"}],"author":"Elena Fortuny","twitter_misc":{"Escrit per":"Elena Fortuny","Temps estimat de lectura":"2 minuts"},"schema":{"@context":"https:\/\/schema.org","@graph":[{"@type":"Article","@id":"https:\/\/elenafortuny.com\/ca\/elena-fortuny-interpreta-el-palmeral-al-teatre-akademia\/#article","isPartOf":{"@id":"https:\/\/elenafortuny.com\/ca\/elena-fortuny-interpreta-el-palmeral-al-teatre-akademia\/"},"author":{"name":"Elena Fortuny","@id":"https:\/\/elenafortuny.com\/ca\/#\/schema\/person\/8e5fa269db6547e11f6b7fb03666de5f"},"headline":"Elena Fortuny interpreta El palmeral al Teatre Akad\u00e8mia","datePublished":"2022-04-16T16:25:29+00:00","mainEntityOfPage":{"@id":"https:\/\/elenafortuny.com\/ca\/elena-fortuny-interpreta-el-palmeral-al-teatre-akademia\/"},"wordCount":374,"image":{"@id":"https:\/\/elenafortuny.com\/ca\/elena-fortuny-interpreta-el-palmeral-al-teatre-akademia\/#primaryimage"},"thumbnailUrl":"https:\/\/elenafortuny.com\/wp-content\/uploads\/2022\/04\/elpalmeral.webp","articleSection":["Not\u00edcies"],"inLanguage":"ca"},{"@type":"WebPage","@id":"https:\/\/elenafortuny.com\/ca\/elena-fortuny-interpreta-el-palmeral-al-teatre-akademia\/","url":"https:\/\/elenafortuny.com\/ca\/elena-fortuny-interpreta-el-palmeral-al-teatre-akademia\/","name":"Elena Fortuny interpreta El palmeral al Teatre Akad\u00e8mia","isPartOf":{"@id":"https:\/\/elenafortuny.com\/ca\/#website"},"primaryImageOfPage":{"@id":"https:\/\/elenafortuny.com\/ca\/elena-fortuny-interpreta-el-palmeral-al-teatre-akademia\/#primaryimage"},"image":{"@id":"https:\/\/elenafortuny.com\/ca\/elena-fortuny-interpreta-el-palmeral-al-teatre-akademia\/#primaryimage"},"thumbnailUrl":"https:\/\/elenafortuny.com\/wp-content\/uploads\/2022\/04\/elpalmeral.webp","datePublished":"2022-04-16T16:25:29+00:00","author":{"@id":"https:\/\/elenafortuny.com\/ca\/#\/schema\/person\/8e5fa269db6547e11f6b7fb03666de5f"},"breadcrumb":{"@id":"https:\/\/elenafortuny.com\/ca\/elena-fortuny-interpreta-el-palmeral-al-teatre-akademia\/#breadcrumb"},"inLanguage":"ca","potentialAction":[{"@type":"ReadAction","target":["https:\/\/elenafortuny.com\/ca\/elena-fortuny-interpreta-el-palmeral-al-teatre-akademia\/"]}]},{"@type":"ImageObject","inLanguage":"ca","@id":"https:\/\/elenafortuny.com\/ca\/elena-fortuny-interpreta-el-palmeral-al-teatre-akademia\/#primaryimage","url":"https:\/\/elenafortuny.com\/wp-content\/uploads\/2022\/04\/elpalmeral.webp","contentUrl":"https:\/\/elenafortuny.com\/wp-content\/uploads\/2022\/04\/elpalmeral.webp","width":390,"height":560},{"@type":"BreadcrumbList","@id":"https:\/\/elenafortuny.com\/ca\/elena-fortuny-interpreta-el-palmeral-al-teatre-akademia\/#breadcrumb","itemListElement":[{"@type":"ListItem","position":1,"name":"Portada","item":"https:\/\/elenafortuny.com\/ca\/"},{"@type":"ListItem","position":2,"name":"Elena Fortuny interpreta El palmeral al Teatre Akad\u00e8mia"}]},{"@type":"WebSite","@id":"https:\/\/elenafortuny.com\/ca\/#website","url":"https:\/\/elenafortuny.com\/ca\/","name":"Elena Fortuny","description":"actriz","potentialAction":[{"@type":"SearchAction","target":{"@type":"EntryPoint","urlTemplate":"https:\/\/elenafortuny.com\/ca\/?s={search_term_string}"},"query-input":{"@type":"PropertyValueSpecification","valueRequired":true,"valueName":"search_term_string"}}],"inLanguage":"ca"},{"@type":"Person","@id":"https:\/\/elenafortuny.com\/ca\/#\/schema\/person\/8e5fa269db6547e11f6b7fb03666de5f","name":"Elena Fortuny","image":{"@type":"ImageObject","inLanguage":"ca","@id":"https:\/\/secure.gravatar.com\/avatar\/86bbcc04ff5ad47f3f6b6077a59cb798849a5d7085f12db3929215f7d7b2eec9?s=96&d=mm&r=g","url":"https:\/\/secure.gravatar.com\/avatar\/86bbcc04ff5ad47f3f6b6077a59cb798849a5d7085f12db3929215f7d7b2eec9?s=96&d=mm&r=g","contentUrl":"https:\/\/secure.gravatar.com\/avatar\/86bbcc04ff5ad47f3f6b6077a59cb798849a5d7085f12db3929215f7d7b2eec9?s=96&d=mm&r=g","caption":"Elena Fortuny"}}]}},"_links":{"self":[{"href":"https:\/\/elenafortuny.com\/ca\/wp-json\/wp\/v2\/posts\/1469","targetHints":{"allow":["GET"]}}],"collection":[{"href":"https:\/\/elenafortuny.com\/ca\/wp-json\/wp\/v2\/posts"}],"about":[{"href":"https:\/\/elenafortuny.com\/ca\/wp-json\/wp\/v2\/types\/post"}],"author":[{"embeddable":true,"href":"https:\/\/elenafortuny.com\/ca\/wp-json\/wp\/v2\/users\/2"}],"replies":[{"embeddable":true,"href":"https:\/\/elenafortuny.com\/ca\/wp-json\/wp\/v2\/comments?post=1469"}],"version-history":[{"count":1,"href":"https:\/\/elenafortuny.com\/ca\/wp-json\/wp\/v2\/posts\/1469\/revisions"}],"predecessor-version":[{"id":1470,"href":"https:\/\/elenafortuny.com\/ca\/wp-json\/wp\/v2\/posts\/1469\/revisions\/1470"}],"wp:featuredmedia":[{"embeddable":true,"href":"https:\/\/elenafortuny.com\/ca\/wp-json\/wp\/v2\/media\/1464"}],"wp:attachment":[{"href":"https:\/\/elenafortuny.com\/ca\/wp-json\/wp\/v2\/media?parent=1469"}],"wp:term":[{"taxonomy":"category","embeddable":true,"href":"https:\/\/elenafortuny.com\/ca\/wp-json\/wp\/v2\/categories?post=1469"},{"taxonomy":"post_tag","embeddable":true,"href":"https:\/\/elenafortuny.com\/ca\/wp-json\/wp\/v2\/tags?post=1469"}],"curies":[{"name":"wp","href":"https:\/\/api.w.org\/{rel}","templated":true}]}}