{"id":1848,"date":"2022-12-17T20:41:28","date_gmt":"2022-12-17T19:41:28","guid":{"rendered":"https:\/\/elenafortuny.com\/?p=1848"},"modified":"2022-12-21T14:29:51","modified_gmt":"2022-12-21T13:29:51","slug":"de-noviembre-a-noviembre-dirigida-per-elena-fortuny-en-residencia-a-la-casa-del-teatre-nu","status":"publish","type":"post","link":"https:\/\/elenafortuny.com\/ca\/de-noviembre-a-noviembre-dirigida-per-elena-fortuny-en-residencia-a-la-casa-del-teatre-nu\/","title":{"rendered":"De noviembre a noviembre, dirigida per Elena Fortuny, en resid\u00e8ncia a la Casa del Teatre Nu"},"content":{"rendered":"<p><em><strong>De noviembre a noviembre<\/strong><\/em>, a partir de la confer\u00e8ncia de Federico Garc\u00eda Lorca, amb dramat\u00fargia de Daniel P\u00e9rez Mar\u00edn, direcci\u00f3 musical de Marc Sambola i direcci\u00f3 d&#8217;escena d&#8217;Elena Fortuny, s&#8217;ha presentat com a projecte en resid\u00e8ncia a la Casa del Teatre Nu, a Sant Mart\u00ed de Tous, amb les localitats exhaurides.<\/p>\n","protected":false},"excerpt":{"rendered":"<p>De noviembre a noviembre, a partir de la confer\u00e8ncia de Federico Garc\u00eda Lorca, amb dramat\u00fargia de Daniel P\u00e9rez Mar\u00edn, direcci\u00f3 musical de Marc Sambola i direcci\u00f3 d&#8217;escena d&#8217;Elena Fortuny, s&#8217;ha presentat com a projecte en resid\u00e8ncia a la Casa del Teatre Nu, a Sant Mart\u00ed de Tous, amb les localitats exhaurides.<\/p>\n","protected":false},"author":2,"featured_media":1846,"comment_status":"closed","ping_status":"closed","sticky":false,"template":"","format":"standard","meta":{"_acf_changed":false,"footnotes":""},"categories":[43],"tags":[],"class_list":["post-1848","post","type-post","status-publish","format-standard","has-post-thumbnail","hentry","category-noticies"],"acf":[],"yoast_head":"<!-- This site is optimized with the Yoast SEO plugin v27.4 - https:\/\/yoast.com\/product\/yoast-seo-wordpress\/ -->\n<title>De noviembre a noviembre, dirigida per Elena Fortuny, en resid\u00e8ncia a la Casa del Teatre Nu<\/title>\n<meta name=\"description\" content=\"De noviembre a noviembre Federico Garcia Lorca Casa del Teatre Nu Daniel P\u00e9rez Mar\u00edn Marc Sambola Elena Fortuny\" \/>\n<meta name=\"robots\" content=\"index, follow, max-snippet:-1, max-image-preview:large, max-video-preview:-1\" \/>\n<link rel=\"canonical\" href=\"https:\/\/elenafortuny.com\/ca\/de-noviembre-a-noviembre-dirigida-per-elena-fortuny-en-residencia-a-la-casa-del-teatre-nu\/\" \/>\n<meta property=\"og:locale\" content=\"ca_ES\" \/>\n<meta property=\"og:type\" content=\"article\" \/>\n<meta property=\"og:title\" content=\"De noviembre a noviembre, dirigida per Elena Fortuny, en resid\u00e8ncia a la Casa del Teatre Nu\" \/>\n<meta property=\"og:description\" content=\"De noviembre a noviembre Federico Garcia Lorca Casa del Teatre Nu Daniel P\u00e9rez Mar\u00edn Marc Sambola Elena Fortuny\" \/>\n<meta property=\"og:url\" content=\"https:\/\/elenafortuny.com\/ca\/de-noviembre-a-noviembre-dirigida-per-elena-fortuny-en-residencia-a-la-casa-del-teatre-nu\/\" \/>\n<meta property=\"og:site_name\" content=\"Elena Fortuny\" \/>\n<meta property=\"article:published_time\" content=\"2022-12-17T19:41:28+00:00\" \/>\n<meta property=\"article:modified_time\" content=\"2022-12-21T13:29:51+00:00\" \/>\n<meta property=\"og:image\" content=\"https:\/\/elenafortuny.com\/wp-content\/uploads\/2022\/12\/WhatsApp-Image-2022-12-20-at-17.43.01.jpeg\" \/>\n\t<meta property=\"og:image:width\" content=\"768\" \/>\n\t<meta property=\"og:image:height\" content=\"1024\" \/>\n\t<meta property=\"og:image:type\" content=\"image\/jpeg\" \/>\n<meta name=\"author\" content=\"Elena Fortuny\" \/>\n<meta name=\"twitter:label1\" content=\"Escrit per\" \/>\n\t<meta name=\"twitter:data1\" content=\"Elena Fortuny\" \/>\n\t<meta name=\"twitter:label2\" content=\"Temps estimat de lectura\" \/>\n\t<meta name=\"twitter:data2\" content=\"1 minut\" \/>\n<script type=\"application\/ld+json\" class=\"yoast-schema-graph\">{\"@context\":\"https:\\\/\\\/schema.org\",\"@graph\":[{\"@type\":\"Article\",\"@id\":\"https:\\\/\\\/elenafortuny.com\\\/ca\\\/de-noviembre-a-noviembre-dirigida-per-elena-fortuny-en-residencia-a-la-casa-del-teatre-nu\\\/#article\",\"isPartOf\":{\"@id\":\"https:\\\/\\\/elenafortuny.com\\\/ca\\\/de-noviembre-a-noviembre-dirigida-per-elena-fortuny-en-residencia-a-la-casa-del-teatre-nu\\\/\"},\"author\":{\"name\":\"Elena Fortuny\",\"@id\":\"https:\\\/\\\/elenafortuny.com\\\/ca\\\/#\\\/schema\\\/person\\\/8e5fa269db6547e11f6b7fb03666de5f\"},\"headline\":\"De noviembre a noviembre, dirigida per Elena Fortuny, en resid\u00e8ncia a la Casa del Teatre Nu\",\"datePublished\":\"2022-12-17T19:41:28+00:00\",\"dateModified\":\"2022-12-21T13:29:51+00:00\",\"mainEntityOfPage\":{\"@id\":\"https:\\\/\\\/elenafortuny.com\\\/ca\\\/de-noviembre-a-noviembre-dirigida-per-elena-fortuny-en-residencia-a-la-casa-del-teatre-nu\\\/\"},\"wordCount\":77,\"image\":{\"@id\":\"https:\\\/\\\/elenafortuny.com\\\/ca\\\/de-noviembre-a-noviembre-dirigida-per-elena-fortuny-en-residencia-a-la-casa-del-teatre-nu\\\/#primaryimage\"},\"thumbnailUrl\":\"https:\\\/\\\/elenafortuny.com\\\/wp-content\\\/uploads\\\/2022\\\/12\\\/WhatsApp-Image-2022-12-20-at-17.43.01.jpeg\",\"articleSection\":[\"Not\u00edcies\"],\"inLanguage\":\"ca\"},{\"@type\":\"WebPage\",\"@id\":\"https:\\\/\\\/elenafortuny.com\\\/ca\\\/de-noviembre-a-noviembre-dirigida-per-elena-fortuny-en-residencia-a-la-casa-del-teatre-nu\\\/\",\"url\":\"https:\\\/\\\/elenafortuny.com\\\/ca\\\/de-noviembre-a-noviembre-dirigida-per-elena-fortuny-en-residencia-a-la-casa-del-teatre-nu\\\/\",\"name\":\"De noviembre a noviembre, dirigida per Elena Fortuny, en resid\u00e8ncia a la Casa del Teatre Nu\",\"isPartOf\":{\"@id\":\"https:\\\/\\\/elenafortuny.com\\\/ca\\\/#website\"},\"primaryImageOfPage\":{\"@id\":\"https:\\\/\\\/elenafortuny.com\\\/ca\\\/de-noviembre-a-noviembre-dirigida-per-elena-fortuny-en-residencia-a-la-casa-del-teatre-nu\\\/#primaryimage\"},\"image\":{\"@id\":\"https:\\\/\\\/elenafortuny.com\\\/ca\\\/de-noviembre-a-noviembre-dirigida-per-elena-fortuny-en-residencia-a-la-casa-del-teatre-nu\\\/#primaryimage\"},\"thumbnailUrl\":\"https:\\\/\\\/elenafortuny.com\\\/wp-content\\\/uploads\\\/2022\\\/12\\\/WhatsApp-Image-2022-12-20-at-17.43.01.jpeg\",\"datePublished\":\"2022-12-17T19:41:28+00:00\",\"dateModified\":\"2022-12-21T13:29:51+00:00\",\"author\":{\"@id\":\"https:\\\/\\\/elenafortuny.com\\\/ca\\\/#\\\/schema\\\/person\\\/8e5fa269db6547e11f6b7fb03666de5f\"},\"description\":\"De noviembre a noviembre Federico Garcia Lorca Casa del Teatre Nu Daniel P\u00e9rez Mar\u00edn Marc Sambola Elena Fortuny\",\"breadcrumb\":{\"@id\":\"https:\\\/\\\/elenafortuny.com\\\/ca\\\/de-noviembre-a-noviembre-dirigida-per-elena-fortuny-en-residencia-a-la-casa-del-teatre-nu\\\/#breadcrumb\"},\"inLanguage\":\"ca\",\"potentialAction\":[{\"@type\":\"ReadAction\",\"target\":[\"https:\\\/\\\/elenafortuny.com\\\/ca\\\/de-noviembre-a-noviembre-dirigida-per-elena-fortuny-en-residencia-a-la-casa-del-teatre-nu\\\/\"]}]},{\"@type\":\"ImageObject\",\"inLanguage\":\"ca\",\"@id\":\"https:\\\/\\\/elenafortuny.com\\\/ca\\\/de-noviembre-a-noviembre-dirigida-per-elena-fortuny-en-residencia-a-la-casa-del-teatre-nu\\\/#primaryimage\",\"url\":\"https:\\\/\\\/elenafortuny.com\\\/wp-content\\\/uploads\\\/2022\\\/12\\\/WhatsApp-Image-2022-12-20-at-17.43.01.jpeg\",\"contentUrl\":\"https:\\\/\\\/elenafortuny.com\\\/wp-content\\\/uploads\\\/2022\\\/12\\\/WhatsApp-Image-2022-12-20-at-17.43.01.jpeg\",\"width\":768,\"height\":1024},{\"@type\":\"BreadcrumbList\",\"@id\":\"https:\\\/\\\/elenafortuny.com\\\/ca\\\/de-noviembre-a-noviembre-dirigida-per-elena-fortuny-en-residencia-a-la-casa-del-teatre-nu\\\/#breadcrumb\",\"itemListElement\":[{\"@type\":\"ListItem\",\"position\":1,\"name\":\"Portada\",\"item\":\"https:\\\/\\\/elenafortuny.com\\\/ca\\\/\"},{\"@type\":\"ListItem\",\"position\":2,\"name\":\"De noviembre a noviembre, dirigida per Elena Fortuny, en resid\u00e8ncia a la Casa del Teatre Nu\"}]},{\"@type\":\"WebSite\",\"@id\":\"https:\\\/\\\/elenafortuny.com\\\/ca\\\/#website\",\"url\":\"https:\\\/\\\/elenafortuny.com\\\/ca\\\/\",\"name\":\"Elena Fortuny\",\"description\":\"actriz\",\"potentialAction\":[{\"@type\":\"SearchAction\",\"target\":{\"@type\":\"EntryPoint\",\"urlTemplate\":\"https:\\\/\\\/elenafortuny.com\\\/ca\\\/?s={search_term_string}\"},\"query-input\":{\"@type\":\"PropertyValueSpecification\",\"valueRequired\":true,\"valueName\":\"search_term_string\"}}],\"inLanguage\":\"ca\"},{\"@type\":\"Person\",\"@id\":\"https:\\\/\\\/elenafortuny.com\\\/ca\\\/#\\\/schema\\\/person\\\/8e5fa269db6547e11f6b7fb03666de5f\",\"name\":\"Elena Fortuny\",\"image\":{\"@type\":\"ImageObject\",\"inLanguage\":\"ca\",\"@id\":\"https:\\\/\\\/secure.gravatar.com\\\/avatar\\\/86bbcc04ff5ad47f3f6b6077a59cb798849a5d7085f12db3929215f7d7b2eec9?s=96&d=mm&r=g\",\"url\":\"https:\\\/\\\/secure.gravatar.com\\\/avatar\\\/86bbcc04ff5ad47f3f6b6077a59cb798849a5d7085f12db3929215f7d7b2eec9?s=96&d=mm&r=g\",\"contentUrl\":\"https:\\\/\\\/secure.gravatar.com\\\/avatar\\\/86bbcc04ff5ad47f3f6b6077a59cb798849a5d7085f12db3929215f7d7b2eec9?s=96&d=mm&r=g\",\"caption\":\"Elena Fortuny\"}}]}<\/script>\n<!-- \/ Yoast SEO plugin. -->","yoast_head_json":{"title":"De noviembre a noviembre, dirigida per Elena Fortuny, en resid\u00e8ncia a la Casa del Teatre Nu","description":"De noviembre a noviembre Federico Garcia Lorca Casa del Teatre Nu Daniel P\u00e9rez Mar\u00edn Marc Sambola Elena Fortuny","robots":{"index":"index","follow":"follow","max-snippet":"max-snippet:-1","max-image-preview":"max-image-preview:large","max-video-preview":"max-video-preview:-1"},"canonical":"https:\/\/elenafortuny.com\/ca\/de-noviembre-a-noviembre-dirigida-per-elena-fortuny-en-residencia-a-la-casa-del-teatre-nu\/","og_locale":"ca_ES","og_type":"article","og_title":"De noviembre a noviembre, dirigida per Elena Fortuny, en resid\u00e8ncia a la Casa del Teatre Nu","og_description":"De noviembre a noviembre Federico Garcia Lorca Casa del Teatre Nu Daniel P\u00e9rez Mar\u00edn Marc Sambola Elena Fortuny","og_url":"https:\/\/elenafortuny.com\/ca\/de-noviembre-a-noviembre-dirigida-per-elena-fortuny-en-residencia-a-la-casa-del-teatre-nu\/","og_site_name":"Elena Fortuny","article_published_time":"2022-12-17T19:41:28+00:00","article_modified_time":"2022-12-21T13:29:51+00:00","og_image":[{"width":768,"height":1024,"url":"https:\/\/elenafortuny.com\/wp-content\/uploads\/2022\/12\/WhatsApp-Image-2022-12-20-at-17.43.01.jpeg","type":"image\/jpeg"}],"author":"Elena Fortuny","twitter_misc":{"Escrit per":"Elena Fortuny","Temps estimat de lectura":"1 minut"},"schema":{"@context":"https:\/\/schema.org","@graph":[{"@type":"Article","@id":"https:\/\/elenafortuny.com\/ca\/de-noviembre-a-noviembre-dirigida-per-elena-fortuny-en-residencia-a-la-casa-del-teatre-nu\/#article","isPartOf":{"@id":"https:\/\/elenafortuny.com\/ca\/de-noviembre-a-noviembre-dirigida-per-elena-fortuny-en-residencia-a-la-casa-del-teatre-nu\/"},"author":{"name":"Elena Fortuny","@id":"https:\/\/elenafortuny.com\/ca\/#\/schema\/person\/8e5fa269db6547e11f6b7fb03666de5f"},"headline":"De noviembre a noviembre, dirigida per Elena Fortuny, en resid\u00e8ncia a la Casa del Teatre Nu","datePublished":"2022-12-17T19:41:28+00:00","dateModified":"2022-12-21T13:29:51+00:00","mainEntityOfPage":{"@id":"https:\/\/elenafortuny.com\/ca\/de-noviembre-a-noviembre-dirigida-per-elena-fortuny-en-residencia-a-la-casa-del-teatre-nu\/"},"wordCount":77,"image":{"@id":"https:\/\/elenafortuny.com\/ca\/de-noviembre-a-noviembre-dirigida-per-elena-fortuny-en-residencia-a-la-casa-del-teatre-nu\/#primaryimage"},"thumbnailUrl":"https:\/\/elenafortuny.com\/wp-content\/uploads\/2022\/12\/WhatsApp-Image-2022-12-20-at-17.43.01.jpeg","articleSection":["Not\u00edcies"],"inLanguage":"ca"},{"@type":"WebPage","@id":"https:\/\/elenafortuny.com\/ca\/de-noviembre-a-noviembre-dirigida-per-elena-fortuny-en-residencia-a-la-casa-del-teatre-nu\/","url":"https:\/\/elenafortuny.com\/ca\/de-noviembre-a-noviembre-dirigida-per-elena-fortuny-en-residencia-a-la-casa-del-teatre-nu\/","name":"De noviembre a noviembre, dirigida per Elena Fortuny, en resid\u00e8ncia a la Casa del Teatre Nu","isPartOf":{"@id":"https:\/\/elenafortuny.com\/ca\/#website"},"primaryImageOfPage":{"@id":"https:\/\/elenafortuny.com\/ca\/de-noviembre-a-noviembre-dirigida-per-elena-fortuny-en-residencia-a-la-casa-del-teatre-nu\/#primaryimage"},"image":{"@id":"https:\/\/elenafortuny.com\/ca\/de-noviembre-a-noviembre-dirigida-per-elena-fortuny-en-residencia-a-la-casa-del-teatre-nu\/#primaryimage"},"thumbnailUrl":"https:\/\/elenafortuny.com\/wp-content\/uploads\/2022\/12\/WhatsApp-Image-2022-12-20-at-17.43.01.jpeg","datePublished":"2022-12-17T19:41:28+00:00","dateModified":"2022-12-21T13:29:51+00:00","author":{"@id":"https:\/\/elenafortuny.com\/ca\/#\/schema\/person\/8e5fa269db6547e11f6b7fb03666de5f"},"description":"De noviembre a noviembre Federico Garcia Lorca Casa del Teatre Nu Daniel P\u00e9rez Mar\u00edn Marc Sambola Elena Fortuny","breadcrumb":{"@id":"https:\/\/elenafortuny.com\/ca\/de-noviembre-a-noviembre-dirigida-per-elena-fortuny-en-residencia-a-la-casa-del-teatre-nu\/#breadcrumb"},"inLanguage":"ca","potentialAction":[{"@type":"ReadAction","target":["https:\/\/elenafortuny.com\/ca\/de-noviembre-a-noviembre-dirigida-per-elena-fortuny-en-residencia-a-la-casa-del-teatre-nu\/"]}]},{"@type":"ImageObject","inLanguage":"ca","@id":"https:\/\/elenafortuny.com\/ca\/de-noviembre-a-noviembre-dirigida-per-elena-fortuny-en-residencia-a-la-casa-del-teatre-nu\/#primaryimage","url":"https:\/\/elenafortuny.com\/wp-content\/uploads\/2022\/12\/WhatsApp-Image-2022-12-20-at-17.43.01.jpeg","contentUrl":"https:\/\/elenafortuny.com\/wp-content\/uploads\/2022\/12\/WhatsApp-Image-2022-12-20-at-17.43.01.jpeg","width":768,"height":1024},{"@type":"BreadcrumbList","@id":"https:\/\/elenafortuny.com\/ca\/de-noviembre-a-noviembre-dirigida-per-elena-fortuny-en-residencia-a-la-casa-del-teatre-nu\/#breadcrumb","itemListElement":[{"@type":"ListItem","position":1,"name":"Portada","item":"https:\/\/elenafortuny.com\/ca\/"},{"@type":"ListItem","position":2,"name":"De noviembre a noviembre, dirigida per Elena Fortuny, en resid\u00e8ncia a la Casa del Teatre Nu"}]},{"@type":"WebSite","@id":"https:\/\/elenafortuny.com\/ca\/#website","url":"https:\/\/elenafortuny.com\/ca\/","name":"Elena Fortuny","description":"actriz","potentialAction":[{"@type":"SearchAction","target":{"@type":"EntryPoint","urlTemplate":"https:\/\/elenafortuny.com\/ca\/?s={search_term_string}"},"query-input":{"@type":"PropertyValueSpecification","valueRequired":true,"valueName":"search_term_string"}}],"inLanguage":"ca"},{"@type":"Person","@id":"https:\/\/elenafortuny.com\/ca\/#\/schema\/person\/8e5fa269db6547e11f6b7fb03666de5f","name":"Elena Fortuny","image":{"@type":"ImageObject","inLanguage":"ca","@id":"https:\/\/secure.gravatar.com\/avatar\/86bbcc04ff5ad47f3f6b6077a59cb798849a5d7085f12db3929215f7d7b2eec9?s=96&d=mm&r=g","url":"https:\/\/secure.gravatar.com\/avatar\/86bbcc04ff5ad47f3f6b6077a59cb798849a5d7085f12db3929215f7d7b2eec9?s=96&d=mm&r=g","contentUrl":"https:\/\/secure.gravatar.com\/avatar\/86bbcc04ff5ad47f3f6b6077a59cb798849a5d7085f12db3929215f7d7b2eec9?s=96&d=mm&r=g","caption":"Elena Fortuny"}}]}},"_links":{"self":[{"href":"https:\/\/elenafortuny.com\/ca\/wp-json\/wp\/v2\/posts\/1848","targetHints":{"allow":["GET"]}}],"collection":[{"href":"https:\/\/elenafortuny.com\/ca\/wp-json\/wp\/v2\/posts"}],"about":[{"href":"https:\/\/elenafortuny.com\/ca\/wp-json\/wp\/v2\/types\/post"}],"author":[{"embeddable":true,"href":"https:\/\/elenafortuny.com\/ca\/wp-json\/wp\/v2\/users\/2"}],"replies":[{"embeddable":true,"href":"https:\/\/elenafortuny.com\/ca\/wp-json\/wp\/v2\/comments?post=1848"}],"version-history":[{"count":1,"href":"https:\/\/elenafortuny.com\/ca\/wp-json\/wp\/v2\/posts\/1848\/revisions"}],"predecessor-version":[{"id":1853,"href":"https:\/\/elenafortuny.com\/ca\/wp-json\/wp\/v2\/posts\/1848\/revisions\/1853"}],"wp:featuredmedia":[{"embeddable":true,"href":"https:\/\/elenafortuny.com\/ca\/wp-json\/wp\/v2\/media\/1846"}],"wp:attachment":[{"href":"https:\/\/elenafortuny.com\/ca\/wp-json\/wp\/v2\/media?parent=1848"}],"wp:term":[{"taxonomy":"category","embeddable":true,"href":"https:\/\/elenafortuny.com\/ca\/wp-json\/wp\/v2\/categories?post=1848"},{"taxonomy":"post_tag","embeddable":true,"href":"https:\/\/elenafortuny.com\/ca\/wp-json\/wp\/v2\/tags?post=1848"}],"curies":[{"name":"wp","href":"https:\/\/api.w.org\/{rel}","templated":true}]}}