{"id":543,"date":"2016-07-01T16:07:36","date_gmt":"2016-07-01T14:07:36","guid":{"rendered":"http:\/\/elenafortuny.com\/ca\/?p=543"},"modified":"2016-07-01T16:07:36","modified_gmt":"2016-07-01T14:07:36","slug":"los-ninos-oscuros-morelia-dalbert-tola-amb-direccio-delena-fortuny-presenta-la-casa-del-lector-las-naves-del-matadero-madrid","status":"publish","type":"post","link":"https:\/\/elenafortuny.com\/ca\/los-ninos-oscuros-morelia-dalbert-tola-amb-direccio-delena-fortuny-presenta-la-casa-del-lector-las-naves-del-matadero-madrid\/","title":{"rendered":"Los ni\u00f1os oscuros de Morelia, d&#8217;Albert Tola amb direcci\u00f3 d&#8217;Elena Fortuny, es presenta a la Casa del Lector de Las Naves del Matadero, de Madrid"},"content":{"rendered":"<p>El passat 31 de maig es va presentar <em>Los ni\u00f1os oscuros de Morelia<\/em>, d&#8217;Albert Tola, a la Casa del Lector de Las Naves del Matadero, de Madrid. Organitzada per Teatro del Astillero, la lectura del text va donar a con\u00e8ixer el projecte que es troba actualment en fase de preproducci\u00f3.<\/p>\n<p><em>Los ni\u00f1os oscuros de Morelia<\/em>, la protagonitzen Jordi Coll i Rodrigo Garc\u00eda Olza, sota la direcci\u00f3 d&#8217;Elena Fortuny.<\/p>\n","protected":false},"excerpt":{"rendered":"<p>El passat 31 de maig es va presentar Los ni\u00f1os oscuros de Morelia, d&#8217;Albert Tola, a la Casa del Lector de Las Naves del Matadero, de Madrid. Organitzada per Teatro del Astillero, la lectura del text va donar a con\u00e8ixer el projecte que es troba actualment en fase de preproducci\u00f3. Los ni\u00f1os oscuros de Morelia, [&hellip;]<\/p>\n","protected":false},"author":2,"featured_media":538,"comment_status":"closed","ping_status":"closed","sticky":false,"template":"","format":"standard","meta":{"_acf_changed":false,"footnotes":""},"categories":[43],"tags":[],"class_list":["post-543","post","type-post","status-publish","format-standard","has-post-thumbnail","hentry","category-noticies"],"acf":[],"yoast_head":"<!-- This site is optimized with the Yoast SEO plugin v27.5 - https:\/\/yoast.com\/product\/yoast-seo-wordpress\/ -->\n<title>Los ni\u00f1os oscuros de Morelia, d&#039;Albert Tola amb direcci\u00f3 d&#039;Elena Fortuny, es presenta a la Casa del Lector de Las Naves del Matadero, de Madrid<\/title>\n<meta name=\"robots\" content=\"index, follow, max-snippet:-1, max-image-preview:large, max-video-preview:-1\" \/>\n<link rel=\"canonical\" href=\"https:\/\/elenafortuny.com\/ca\/los-ninos-oscuros-morelia-dalbert-tola-amb-direccio-delena-fortuny-presenta-la-casa-del-lector-las-naves-del-matadero-madrid\/\" \/>\n<meta property=\"og:locale\" content=\"ca_ES\" \/>\n<meta property=\"og:type\" content=\"article\" \/>\n<meta property=\"og:title\" content=\"Los ni\u00f1os oscuros de Morelia, d&#039;Albert Tola amb direcci\u00f3 d&#039;Elena Fortuny, es presenta a la Casa del Lector de Las Naves del Matadero, de Madrid\" \/>\n<meta property=\"og:description\" content=\"El passat 31 de maig es va presentar Los ni\u00f1os oscuros de Morelia, d&#8217;Albert Tola, a la Casa del Lector de Las Naves del Matadero, de Madrid. Organitzada per Teatro del Astillero, la lectura del text va donar a con\u00e8ixer el projecte que es troba actualment en fase de preproducci\u00f3. Los ni\u00f1os oscuros de Morelia, [&hellip;]\" \/>\n<meta property=\"og:url\" content=\"https:\/\/elenafortuny.com\/ca\/los-ninos-oscuros-morelia-dalbert-tola-amb-direccio-delena-fortuny-presenta-la-casa-del-lector-las-naves-del-matadero-madrid\/\" \/>\n<meta property=\"og:site_name\" content=\"Elena Fortuny\" \/>\n<meta property=\"article:published_time\" content=\"2016-07-01T14:07:36+00:00\" \/>\n<meta property=\"og:image\" content=\"https:\/\/elenafortuny.com\/wp-content\/uploads\/2016\/07\/IMG_4586-1024x683.jpg\" \/>\n\t<meta property=\"og:image:width\" content=\"1024\" \/>\n\t<meta property=\"og:image:height\" content=\"683\" \/>\n\t<meta property=\"og:image:type\" content=\"image\/jpeg\" \/>\n<meta name=\"author\" content=\"Elena Fortuny\" \/>\n<meta name=\"twitter:label1\" content=\"Escrit per\" \/>\n\t<meta name=\"twitter:data1\" content=\"Elena Fortuny\" \/>\n<script type=\"application\/ld+json\" class=\"yoast-schema-graph\">{\"@context\":\"https:\\\/\\\/schema.org\",\"@graph\":[{\"@type\":\"Article\",\"@id\":\"https:\\\/\\\/elenafortuny.com\\\/ca\\\/los-ninos-oscuros-morelia-dalbert-tola-amb-direccio-delena-fortuny-presenta-la-casa-del-lector-las-naves-del-matadero-madrid\\\/#article\",\"isPartOf\":{\"@id\":\"https:\\\/\\\/elenafortuny.com\\\/ca\\\/los-ninos-oscuros-morelia-dalbert-tola-amb-direccio-delena-fortuny-presenta-la-casa-del-lector-las-naves-del-matadero-madrid\\\/\"},\"author\":{\"name\":\"Elena Fortuny\",\"@id\":\"https:\\\/\\\/elenafortuny.com\\\/ca\\\/#\\\/schema\\\/person\\\/8e5fa269db6547e11f6b7fb03666de5f\"},\"headline\":\"Los ni\u00f1os oscuros de Morelia, d&#8217;Albert Tola amb direcci\u00f3 d&#8217;Elena Fortuny, es presenta a la Casa del Lector de Las Naves del Matadero, de Madrid\",\"datePublished\":\"2016-07-01T14:07:36+00:00\",\"mainEntityOfPage\":{\"@id\":\"https:\\\/\\\/elenafortuny.com\\\/ca\\\/los-ninos-oscuros-morelia-dalbert-tola-amb-direccio-delena-fortuny-presenta-la-casa-del-lector-las-naves-del-matadero-madrid\\\/\"},\"wordCount\":101,\"image\":{\"@id\":\"https:\\\/\\\/elenafortuny.com\\\/ca\\\/los-ninos-oscuros-morelia-dalbert-tola-amb-direccio-delena-fortuny-presenta-la-casa-del-lector-las-naves-del-matadero-madrid\\\/#primaryimage\"},\"thumbnailUrl\":\"https:\\\/\\\/elenafortuny.com\\\/wp-content\\\/uploads\\\/2016\\\/07\\\/IMG_4586.jpg\",\"articleSection\":[\"Not\u00edcies\"],\"inLanguage\":\"ca\"},{\"@type\":\"WebPage\",\"@id\":\"https:\\\/\\\/elenafortuny.com\\\/ca\\\/los-ninos-oscuros-morelia-dalbert-tola-amb-direccio-delena-fortuny-presenta-la-casa-del-lector-las-naves-del-matadero-madrid\\\/\",\"url\":\"https:\\\/\\\/elenafortuny.com\\\/ca\\\/los-ninos-oscuros-morelia-dalbert-tola-amb-direccio-delena-fortuny-presenta-la-casa-del-lector-las-naves-del-matadero-madrid\\\/\",\"name\":\"Los ni\u00f1os oscuros de Morelia, d'Albert Tola amb direcci\u00f3 d'Elena Fortuny, es presenta a la Casa del Lector de Las Naves del Matadero, de Madrid\",\"isPartOf\":{\"@id\":\"https:\\\/\\\/elenafortuny.com\\\/ca\\\/#website\"},\"primaryImageOfPage\":{\"@id\":\"https:\\\/\\\/elenafortuny.com\\\/ca\\\/los-ninos-oscuros-morelia-dalbert-tola-amb-direccio-delena-fortuny-presenta-la-casa-del-lector-las-naves-del-matadero-madrid\\\/#primaryimage\"},\"image\":{\"@id\":\"https:\\\/\\\/elenafortuny.com\\\/ca\\\/los-ninos-oscuros-morelia-dalbert-tola-amb-direccio-delena-fortuny-presenta-la-casa-del-lector-las-naves-del-matadero-madrid\\\/#primaryimage\"},\"thumbnailUrl\":\"https:\\\/\\\/elenafortuny.com\\\/wp-content\\\/uploads\\\/2016\\\/07\\\/IMG_4586.jpg\",\"datePublished\":\"2016-07-01T14:07:36+00:00\",\"author\":{\"@id\":\"https:\\\/\\\/elenafortuny.com\\\/ca\\\/#\\\/schema\\\/person\\\/8e5fa269db6547e11f6b7fb03666de5f\"},\"breadcrumb\":{\"@id\":\"https:\\\/\\\/elenafortuny.com\\\/ca\\\/los-ninos-oscuros-morelia-dalbert-tola-amb-direccio-delena-fortuny-presenta-la-casa-del-lector-las-naves-del-matadero-madrid\\\/#breadcrumb\"},\"inLanguage\":\"ca\",\"potentialAction\":[{\"@type\":\"ReadAction\",\"target\":[\"https:\\\/\\\/elenafortuny.com\\\/ca\\\/los-ninos-oscuros-morelia-dalbert-tola-amb-direccio-delena-fortuny-presenta-la-casa-del-lector-las-naves-del-matadero-madrid\\\/\"]}]},{\"@type\":\"ImageObject\",\"inLanguage\":\"ca\",\"@id\":\"https:\\\/\\\/elenafortuny.com\\\/ca\\\/los-ninos-oscuros-morelia-dalbert-tola-amb-direccio-delena-fortuny-presenta-la-casa-del-lector-las-naves-del-matadero-madrid\\\/#primaryimage\",\"url\":\"https:\\\/\\\/elenafortuny.com\\\/wp-content\\\/uploads\\\/2016\\\/07\\\/IMG_4586.jpg\",\"contentUrl\":\"https:\\\/\\\/elenafortuny.com\\\/wp-content\\\/uploads\\\/2016\\\/07\\\/IMG_4586.jpg\",\"width\":5472,\"height\":3648},{\"@type\":\"BreadcrumbList\",\"@id\":\"https:\\\/\\\/elenafortuny.com\\\/ca\\\/los-ninos-oscuros-morelia-dalbert-tola-amb-direccio-delena-fortuny-presenta-la-casa-del-lector-las-naves-del-matadero-madrid\\\/#breadcrumb\",\"itemListElement\":[{\"@type\":\"ListItem\",\"position\":1,\"name\":\"Portada\",\"item\":\"https:\\\/\\\/elenafortuny.com\\\/ca\\\/\"},{\"@type\":\"ListItem\",\"position\":2,\"name\":\"Los ni\u00f1os oscuros de Morelia, d&#8217;Albert Tola amb direcci\u00f3 d&#8217;Elena Fortuny, es presenta a la Casa del Lector de Las Naves del Matadero, de Madrid\"}]},{\"@type\":\"WebSite\",\"@id\":\"https:\\\/\\\/elenafortuny.com\\\/ca\\\/#website\",\"url\":\"https:\\\/\\\/elenafortuny.com\\\/ca\\\/\",\"name\":\"Elena Fortuny\",\"description\":\"actriz\",\"potentialAction\":[{\"@type\":\"SearchAction\",\"target\":{\"@type\":\"EntryPoint\",\"urlTemplate\":\"https:\\\/\\\/elenafortuny.com\\\/ca\\\/?s={search_term_string}\"},\"query-input\":{\"@type\":\"PropertyValueSpecification\",\"valueRequired\":true,\"valueName\":\"search_term_string\"}}],\"inLanguage\":\"ca\"},{\"@type\":\"Person\",\"@id\":\"https:\\\/\\\/elenafortuny.com\\\/ca\\\/#\\\/schema\\\/person\\\/8e5fa269db6547e11f6b7fb03666de5f\",\"name\":\"Elena Fortuny\",\"image\":{\"@type\":\"ImageObject\",\"inLanguage\":\"ca\",\"@id\":\"https:\\\/\\\/secure.gravatar.com\\\/avatar\\\/86bbcc04ff5ad47f3f6b6077a59cb798849a5d7085f12db3929215f7d7b2eec9?s=96&d=mm&r=g\",\"url\":\"https:\\\/\\\/secure.gravatar.com\\\/avatar\\\/86bbcc04ff5ad47f3f6b6077a59cb798849a5d7085f12db3929215f7d7b2eec9?s=96&d=mm&r=g\",\"contentUrl\":\"https:\\\/\\\/secure.gravatar.com\\\/avatar\\\/86bbcc04ff5ad47f3f6b6077a59cb798849a5d7085f12db3929215f7d7b2eec9?s=96&d=mm&r=g\",\"caption\":\"Elena Fortuny\"}}]}<\/script>\n<!-- \/ Yoast SEO plugin. -->","yoast_head_json":{"title":"Los ni\u00f1os oscuros de Morelia, d'Albert Tola amb direcci\u00f3 d'Elena Fortuny, es presenta a la Casa del Lector de Las Naves del Matadero, de Madrid","robots":{"index":"index","follow":"follow","max-snippet":"max-snippet:-1","max-image-preview":"max-image-preview:large","max-video-preview":"max-video-preview:-1"},"canonical":"https:\/\/elenafortuny.com\/ca\/los-ninos-oscuros-morelia-dalbert-tola-amb-direccio-delena-fortuny-presenta-la-casa-del-lector-las-naves-del-matadero-madrid\/","og_locale":"ca_ES","og_type":"article","og_title":"Los ni\u00f1os oscuros de Morelia, d'Albert Tola amb direcci\u00f3 d'Elena Fortuny, es presenta a la Casa del Lector de Las Naves del Matadero, de Madrid","og_description":"El passat 31 de maig es va presentar Los ni\u00f1os oscuros de Morelia, d&#8217;Albert Tola, a la Casa del Lector de Las Naves del Matadero, de Madrid. Organitzada per Teatro del Astillero, la lectura del text va donar a con\u00e8ixer el projecte que es troba actualment en fase de preproducci\u00f3. Los ni\u00f1os oscuros de Morelia, [&hellip;]","og_url":"https:\/\/elenafortuny.com\/ca\/los-ninos-oscuros-morelia-dalbert-tola-amb-direccio-delena-fortuny-presenta-la-casa-del-lector-las-naves-del-matadero-madrid\/","og_site_name":"Elena Fortuny","article_published_time":"2016-07-01T14:07:36+00:00","og_image":[{"width":1024,"height":683,"url":"https:\/\/elenafortuny.com\/wp-content\/uploads\/2016\/07\/IMG_4586-1024x683.jpg","type":"image\/jpeg"}],"author":"Elena Fortuny","twitter_misc":{"Escrit per":"Elena Fortuny"},"schema":{"@context":"https:\/\/schema.org","@graph":[{"@type":"Article","@id":"https:\/\/elenafortuny.com\/ca\/los-ninos-oscuros-morelia-dalbert-tola-amb-direccio-delena-fortuny-presenta-la-casa-del-lector-las-naves-del-matadero-madrid\/#article","isPartOf":{"@id":"https:\/\/elenafortuny.com\/ca\/los-ninos-oscuros-morelia-dalbert-tola-amb-direccio-delena-fortuny-presenta-la-casa-del-lector-las-naves-del-matadero-madrid\/"},"author":{"name":"Elena Fortuny","@id":"https:\/\/elenafortuny.com\/ca\/#\/schema\/person\/8e5fa269db6547e11f6b7fb03666de5f"},"headline":"Los ni\u00f1os oscuros de Morelia, d&#8217;Albert Tola amb direcci\u00f3 d&#8217;Elena Fortuny, es presenta a la Casa del Lector de Las Naves del Matadero, de Madrid","datePublished":"2016-07-01T14:07:36+00:00","mainEntityOfPage":{"@id":"https:\/\/elenafortuny.com\/ca\/los-ninos-oscuros-morelia-dalbert-tola-amb-direccio-delena-fortuny-presenta-la-casa-del-lector-las-naves-del-matadero-madrid\/"},"wordCount":101,"image":{"@id":"https:\/\/elenafortuny.com\/ca\/los-ninos-oscuros-morelia-dalbert-tola-amb-direccio-delena-fortuny-presenta-la-casa-del-lector-las-naves-del-matadero-madrid\/#primaryimage"},"thumbnailUrl":"https:\/\/elenafortuny.com\/wp-content\/uploads\/2016\/07\/IMG_4586.jpg","articleSection":["Not\u00edcies"],"inLanguage":"ca"},{"@type":"WebPage","@id":"https:\/\/elenafortuny.com\/ca\/los-ninos-oscuros-morelia-dalbert-tola-amb-direccio-delena-fortuny-presenta-la-casa-del-lector-las-naves-del-matadero-madrid\/","url":"https:\/\/elenafortuny.com\/ca\/los-ninos-oscuros-morelia-dalbert-tola-amb-direccio-delena-fortuny-presenta-la-casa-del-lector-las-naves-del-matadero-madrid\/","name":"Los ni\u00f1os oscuros de Morelia, d'Albert Tola amb direcci\u00f3 d'Elena Fortuny, es presenta a la Casa del Lector de Las Naves del Matadero, de Madrid","isPartOf":{"@id":"https:\/\/elenafortuny.com\/ca\/#website"},"primaryImageOfPage":{"@id":"https:\/\/elenafortuny.com\/ca\/los-ninos-oscuros-morelia-dalbert-tola-amb-direccio-delena-fortuny-presenta-la-casa-del-lector-las-naves-del-matadero-madrid\/#primaryimage"},"image":{"@id":"https:\/\/elenafortuny.com\/ca\/los-ninos-oscuros-morelia-dalbert-tola-amb-direccio-delena-fortuny-presenta-la-casa-del-lector-las-naves-del-matadero-madrid\/#primaryimage"},"thumbnailUrl":"https:\/\/elenafortuny.com\/wp-content\/uploads\/2016\/07\/IMG_4586.jpg","datePublished":"2016-07-01T14:07:36+00:00","author":{"@id":"https:\/\/elenafortuny.com\/ca\/#\/schema\/person\/8e5fa269db6547e11f6b7fb03666de5f"},"breadcrumb":{"@id":"https:\/\/elenafortuny.com\/ca\/los-ninos-oscuros-morelia-dalbert-tola-amb-direccio-delena-fortuny-presenta-la-casa-del-lector-las-naves-del-matadero-madrid\/#breadcrumb"},"inLanguage":"ca","potentialAction":[{"@type":"ReadAction","target":["https:\/\/elenafortuny.com\/ca\/los-ninos-oscuros-morelia-dalbert-tola-amb-direccio-delena-fortuny-presenta-la-casa-del-lector-las-naves-del-matadero-madrid\/"]}]},{"@type":"ImageObject","inLanguage":"ca","@id":"https:\/\/elenafortuny.com\/ca\/los-ninos-oscuros-morelia-dalbert-tola-amb-direccio-delena-fortuny-presenta-la-casa-del-lector-las-naves-del-matadero-madrid\/#primaryimage","url":"https:\/\/elenafortuny.com\/wp-content\/uploads\/2016\/07\/IMG_4586.jpg","contentUrl":"https:\/\/elenafortuny.com\/wp-content\/uploads\/2016\/07\/IMG_4586.jpg","width":5472,"height":3648},{"@type":"BreadcrumbList","@id":"https:\/\/elenafortuny.com\/ca\/los-ninos-oscuros-morelia-dalbert-tola-amb-direccio-delena-fortuny-presenta-la-casa-del-lector-las-naves-del-matadero-madrid\/#breadcrumb","itemListElement":[{"@type":"ListItem","position":1,"name":"Portada","item":"https:\/\/elenafortuny.com\/ca\/"},{"@type":"ListItem","position":2,"name":"Los ni\u00f1os oscuros de Morelia, d&#8217;Albert Tola amb direcci\u00f3 d&#8217;Elena Fortuny, es presenta a la Casa del Lector de Las Naves del Matadero, de Madrid"}]},{"@type":"WebSite","@id":"https:\/\/elenafortuny.com\/ca\/#website","url":"https:\/\/elenafortuny.com\/ca\/","name":"Elena Fortuny","description":"actriz","potentialAction":[{"@type":"SearchAction","target":{"@type":"EntryPoint","urlTemplate":"https:\/\/elenafortuny.com\/ca\/?s={search_term_string}"},"query-input":{"@type":"PropertyValueSpecification","valueRequired":true,"valueName":"search_term_string"}}],"inLanguage":"ca"},{"@type":"Person","@id":"https:\/\/elenafortuny.com\/ca\/#\/schema\/person\/8e5fa269db6547e11f6b7fb03666de5f","name":"Elena Fortuny","image":{"@type":"ImageObject","inLanguage":"ca","@id":"https:\/\/secure.gravatar.com\/avatar\/86bbcc04ff5ad47f3f6b6077a59cb798849a5d7085f12db3929215f7d7b2eec9?s=96&d=mm&r=g","url":"https:\/\/secure.gravatar.com\/avatar\/86bbcc04ff5ad47f3f6b6077a59cb798849a5d7085f12db3929215f7d7b2eec9?s=96&d=mm&r=g","contentUrl":"https:\/\/secure.gravatar.com\/avatar\/86bbcc04ff5ad47f3f6b6077a59cb798849a5d7085f12db3929215f7d7b2eec9?s=96&d=mm&r=g","caption":"Elena Fortuny"}}]}},"_links":{"self":[{"href":"https:\/\/elenafortuny.com\/ca\/wp-json\/wp\/v2\/posts\/543","targetHints":{"allow":["GET"]}}],"collection":[{"href":"https:\/\/elenafortuny.com\/ca\/wp-json\/wp\/v2\/posts"}],"about":[{"href":"https:\/\/elenafortuny.com\/ca\/wp-json\/wp\/v2\/types\/post"}],"author":[{"embeddable":true,"href":"https:\/\/elenafortuny.com\/ca\/wp-json\/wp\/v2\/users\/2"}],"replies":[{"embeddable":true,"href":"https:\/\/elenafortuny.com\/ca\/wp-json\/wp\/v2\/comments?post=543"}],"version-history":[{"count":1,"href":"https:\/\/elenafortuny.com\/ca\/wp-json\/wp\/v2\/posts\/543\/revisions"}],"predecessor-version":[{"id":544,"href":"https:\/\/elenafortuny.com\/ca\/wp-json\/wp\/v2\/posts\/543\/revisions\/544"}],"wp:featuredmedia":[{"embeddable":true,"href":"https:\/\/elenafortuny.com\/ca\/wp-json\/wp\/v2\/media\/538"}],"wp:attachment":[{"href":"https:\/\/elenafortuny.com\/ca\/wp-json\/wp\/v2\/media?parent=543"}],"wp:term":[{"taxonomy":"category","embeddable":true,"href":"https:\/\/elenafortuny.com\/ca\/wp-json\/wp\/v2\/categories?post=543"},{"taxonomy":"post_tag","embeddable":true,"href":"https:\/\/elenafortuny.com\/ca\/wp-json\/wp\/v2\/tags?post=543"}],"curies":[{"name":"wp","href":"https:\/\/api.w.org\/{rel}","templated":true}]}}